{"id":228618,"date":"2022-11-30T14:57:58","date_gmt":"2022-11-30T13:57:58","guid":{"rendered":"https:\/\/graetz-strahlungsmesstechnik.com\/elektroniker-in-fuer-geraete-und-systeme-m-w-d\/"},"modified":"2022-11-30T14:57:59","modified_gmt":"2022-11-30T13:57:59","slug":"elektroniker-in-fuer-geraete-und-systeme-m-w-d","status":"publish","type":"post","link":"https:\/\/graetz.com\/en\/2022\/11\/elektroniker-in-fuer-geraete-und-systeme-m-w-d\/","title":{"rendered":"Elektroniker\/in f\u00fcr Ger\u00e4te und Systeme (m\/w\/d)"},"content":{"rendered":"<p>[et_pb_section fb_built=&#8221;1&#8243; admin_label=&#8221;section&#8221; _builder_version=&#8221;4.16&#8243; global_colors_info=&#8221;{}&#8221;][et_pb_row _builder_version=&#8221;4.18.0&#8243; _module_preset=&#8221;default&#8221; global_colors_info=&#8221;{}&#8221;][et_pb_column type=&#8221;4_4&#8243; _builder_version=&#8221;4.18.0&#8243; _module_preset=&#8221;default&#8221; global_colors_info=&#8221;{}&#8221;][et_pb_text _builder_version=&#8221;4.19.0&#8243; _module_preset=&#8221;default&#8221; hover_enabled=&#8221;0&#8243; global_colors_info=&#8221;{}&#8221; sticky_enabled=&#8221;0&#8243;]<\/p>\n<p>Wir suchen zum n\u00e4chstm\u00f6glichen Zeitpunkt eine\/n <strong>Elektroniker\/in (m\/w\/d) f\u00fcr Ger\u00e4te und Systeme<\/strong> (oder vergleichbare Qualifikation) in 58762 Altena in Vollzeit.<\/p>\n<p>Seit 1949 entwickelt und produziert die innovative mit hoher Pr\u00e4zision und Zuverl\u00e4ssigkeit f\u00fcr vielf\u00e4ltige Anwendungen auf der ganzen Welt. F\u00fcr unser Pr\u00fcffeld suchen wir Verst\u00e4rkung zur Vorbereitung der Baugruppen und Systeme auf die Kalibrierung sowie Wartung und Reparatur der Messger\u00e4te.<\/p>\n<p><strong>Ihr zuk\u00fcnftiges Aufgabengebiet<\/strong><\/p>\n<ul>\n<li>Zusammenbau mechanischer und elektronischer Komponenten<\/li>\n<li>Fertigungsbegleitende Pr\u00fcfungen und Tests<\/li>\n<li>Konfektionierung und Test von Leitungen<\/li>\n<li>Musterbau<\/li>\n<li>Unterst\u00fctzung der Produktentwicklung<\/li>\n<li>Inbetriebnahme, Pr\u00fcfung und Reparatur unserer Messger\u00e4te<\/li>\n<li>Abstimmung von technischen Spezifikationen<\/li>\n<li>Erstellung von Pr\u00fcfabl\u00e4ufen nach Vorgaben der Entwicklung und Qualit\u00e4tssicherung<\/li>\n<\/ul>\n<p><strong>Ihr Profil<\/strong><\/p>\n<ul>\n<li>Abgeschlossene technische Ausbildung einer elektrotechnischen oder mechatronischen Fachrichtung, z. B. zum \/ zur Elektroniker\/in f\u00fcr Ger\u00e4te und Systeme bzw. Mechatroniker\/in (w\/m\/d)<\/li>\n<li>Interesse an physikalischer Messtechnik<\/li>\n<li>Erfahrung in Fertigung und Inbetriebnahme elektronischer und mechanischer Baugruppen<\/li>\n<li>Sicherer Umgang mit dem L\u00f6tkolben<\/li>\n<li>Sehr gute Deutschkenntnisse, Englischkenntnisse von Vorteil<\/li>\n<li>Kenntnisse in Microsoft-Office Anwendungen<\/li>\n<\/ul>\n<p><strong>Sie meinen Sie w\u00e4ren nicht qualifiziert?<\/strong><\/p>\n<p>Selbstverst\u00e4ndlich spiegeln die oben genannten Qualifikationen und Kenntnisse unser Idealbild wider. Aber wenn Sie die nicht mitbringen, w\u00e4re das kein Ausschlusskriterium f\u00fcr uns. Alles, was Sie f\u00fcr Ihr zuk\u00fcnftiges Aufgabengebiet wissen m\u00fcssen, werden wir Ihnen beibringen. Wirklich wichtig sind uns:<\/p>\n<ul>\n<li>Interesse an Schwachstromelektronik<\/li>\n<li>Engagement und Eigeninitiative<\/li>\n<li>Selbstst\u00e4ndigkeit, Zuverl\u00e4ssigkeit und Qualit\u00e4tsbewusstsein<\/li>\n<li>Gewissenhafte und strukturierte Arbeitsweise<\/li>\n<li>Kollegialit\u00e4t und Teamf\u00e4higkeit<\/li>\n<\/ul>\n<p><strong>Wir bieten Ihnen<\/strong><\/p>\n<ul>\n<li>Einen sicheren und fair bezahlten Arbeitsplatz<\/li>\n<li>Ein interessantes Paket an Zusatzleistungen<\/li>\n<li>Famili\u00e4re Atmosph\u00e4re in einem inhabergef\u00fchrten Unternehmen<\/li>\n<li>Vor allem: Die M\u00f6glichkeit ein erfolgreiches und interessantes Unternehmen auf dem Weg in eine digitale Zukunft zu begleiten.<\/li>\n<\/ul>\n<p><strong>Bewerben Sie sich jetzt<\/strong><\/p>\n<p>Wir freuen uns \u00fcber Ihr Interesse an unserem Unternehmen und auf Ihre Bewerbung. Bewerben Sie sich gerne direkt online, per E-Mail oder <a href=\"#bewerben\">mit dem unten folgenden Bewerbungsformular, hier auf unserer Website<\/a>. Nutzen Sie bei etwaigen Fragen die Kontaktdaten unseres Ansprechpartners. Wir sichern Ihnen h\u00f6chste Diskretion zu und bieten Ihnen auch gerne Kennenlerngespr\u00e4che nach Feierabend an.<\/p>\n<p><strong>Ihr Ansprechpartner<\/strong><\/p>\n<p>Herr Christian Stein<br \/><a href=\"mailto:c.stein@graetz.com\">c.stein@graetz.com<\/a><br \/>Mobil: 0151-15056491<\/p>\n<p>[\/et_pb_text][\/et_pb_column][\/et_pb_row][\/et_pb_section]<\/p>\n","protected":false},"excerpt":{"rendered":"<p>Wir suchen zum n\u00e4chstm\u00f6glichen Zeitpunkt eine\/n Elektroniker\/in (m\/w\/d) f\u00fcr Ger\u00e4te und Systeme (oder vergleichbare Qualifikation) in 58762 Altena in Vollzeit. Seit 1949 entwickelt und produziert die innovative mit hoher Pr\u00e4zision und Zuverl\u00e4ssigkeit f\u00fcr vielf\u00e4ltige Anwendungen auf der ganzen Welt. F\u00fcr unser Pr\u00fcffeld suchen wir Verst\u00e4rkung zur Vorbereitung der Baugruppen und Systeme auf die Kalibrierung sowie [&hellip;]<\/p>\n","protected":false},"author":1,"featured_media":227667,"comment_status":"closed","ping_status":"open","sticky":false,"template":"","format":"standard","meta":{"_et_pb_use_builder":"on","_et_pb_old_content":"","_et_gb_content_width":"","footnotes":""},"categories":[42],"tags":[],"dipi_cpt_category":[],"class_list":["post-228618","post","type-post","status-publish","format-standard","has-post-thumbnail","hentry","category-jobs-en"],"_links":{"self":[{"href":"https:\/\/graetz.com\/en\/wp-json\/wp\/v2\/posts\/228618","targetHints":{"allow":["GET"]}}],"collection":[{"href":"https:\/\/graetz.com\/en\/wp-json\/wp\/v2\/posts"}],"about":[{"href":"https:\/\/graetz.com\/en\/wp-json\/wp\/v2\/types\/post"}],"author":[{"embeddable":true,"href":"https:\/\/graetz.com\/en\/wp-json\/wp\/v2\/users\/1"}],"replies":[{"embeddable":true,"href":"https:\/\/graetz.com\/en\/wp-json\/wp\/v2\/comments?post=228618"}],"version-history":[{"count":0,"href":"https:\/\/graetz.com\/en\/wp-json\/wp\/v2\/posts\/228618\/revisions"}],"wp:featuredmedia":[{"embeddable":true,"href":"https:\/\/graetz.com\/en\/wp-json\/wp\/v2\/media\/227667"}],"wp:attachment":[{"href":"https:\/\/graetz.com\/en\/wp-json\/wp\/v2\/media?parent=228618"}],"wp:term":[{"taxonomy":"category","embeddable":true,"href":"https:\/\/graetz.com\/en\/wp-json\/wp\/v2\/categories?post=228618"},{"taxonomy":"post_tag","embeddable":true,"href":"https:\/\/graetz.com\/en\/wp-json\/wp\/v2\/tags?post=228618"},{"taxonomy":"dipi_cpt_category","embeddable":true,"href":"https:\/\/graetz.com\/en\/wp-json\/wp\/v2\/dipi_cpt_category?post=228618"}],"curies":[{"name":"wp","href":"https:\/\/api.w.org\/{rel}","templated":true}]}}